{"id":625,"date":"2020-05-21T21:05:07","date_gmt":"2020-05-21T21:05:07","guid":{"rendered":"http:\/\/c1750086.ferozo.com\/?p=625"},"modified":"2020-09-18T19:16:30","modified_gmt":"2020-09-18T19:16:30","slug":"las-emociones-estan-los-recursos-tambien","status":"publish","type":"post","link":"https:\/\/susanabalan.com\/pt\/las-emociones-estan-los-recursos-tambien\/","title":{"rendered":"Junte-se a n\u00f3s com medo"},"content":{"rendered":"<p>Outra op\u00e7\u00e3o \u00e9 aceitar o sentimento de medo sem aument\u00e1-lo, como acontece quando deixamo-nos invadir pelo sentimento de desamparo. Temos outro recurso: abrace-o, abra\u00e7am-se com medo. Se abrace como voc\u00ea abra\u00e7a um beb\u00ea assustado que n\u00e3o sabe porque ele chora e se acalma quando algu\u00e9m mais adulto, algu\u00e9m que sabe que a \u00fanica coisa O que pode ser feito naquele momento \u00e9 acalm\u00e1-lo para poder detectar o motivo do choro. O beb\u00ea n\u00e3o tem palavras ou a capacidade de agir fora do choro para avisar que est\u00e1 sofrendo. Neste momento, \u00e0s vezes n\u00f3s, adultos, n\u00e3o temos as palavras para nos avisar que nos assusta, que nos faz sofrer. Reconhecer, nomear e aceitar nossos medos espec\u00edficos para nos acalmar e saber que temos n\u00f3s mesmos, com nosso amor e nossa incondicionalidade para continuar cuidar de n\u00f3s \u00e9 a \u00fanica coisa que vai dar a n\u00f3s adultos aquele momento de calma necess\u00e1rio para tomar as medidas adequadas (como far\u00edamos com o beb\u00ea chorando) para nos protegermos melhor neste momento, nesta situa\u00e7\u00e3o t\u00e3o incerta e portanto t\u00e3o dif\u00edcil e t\u00e3o amea\u00e7adora.<\/p>","protected":false},"excerpt":{"rendered":"<p>Ambos caindo em terror apocal\u00edptico e agindo como se a vida tivesse acabado ou negar o perigo, dizendo que o coronav\u00edrus \u00e9 uma inven\u00e7\u00e3o de pol\u00edticos para manipular a opini\u00e3o p\u00fablica, s\u00e3o duas formas extremas de atitudes defensivas para enfrentar a imin\u00eancia de uma amea\u00e7a dif\u00edcil de definir, dif\u00edcil de entender, prever e controlar.<\/p>","protected":false},"author":2,"featured_media":660,"comment_status":"open","ping_status":"open","sticky":false,"template":"","format":"standard","meta":{"site-sidebar-layout":"default","site-content-layout":"default","ast-site-content-layout":"default","site-content-style":"default","site-sidebar-style":"default","ast-global-header-display":"","ast-banner-title-visibility":"","ast-main-header-display":"","ast-hfb-above-header-display":"","ast-hfb-below-header-display":"","ast-hfb-mobile-header-display":"","site-post-title":"","ast-breadcrumbs-content":"","ast-featured-img":"","footer-sml-layout":"","ast-disable-related-posts":"","theme-transparent-header-meta":"default","adv-header-id-meta":"","stick-header-meta":"","header-above-stick-meta":"","header-main-stick-meta":"","header-below-stick-meta":"","astra-migrate-meta-layouts":"default","ast-page-background-enabled":"default","ast-page-background-meta":{"desktop":{"background-color":"","background-image":"","background-repeat":"repeat","background-position":"center center","background-size":"auto","background-attachment":"scroll","background-type":"","background-media":"","overlay-type":"","overlay-color":"","overlay-opacity":"","overlay-gradient":""},"tablet":{"background-color":"","background-image":"","background-repeat":"repeat","background-position":"center center","background-size":"auto","background-attachment":"scroll","background-type":"","background-media":"","overlay-type":"","overlay-color":"","overlay-opacity":"","overlay-gradient":""},"mobile":{"background-color":"","background-image":"","background-repeat":"repeat","background-position":"center center","background-size":"auto","background-attachment":"scroll","background-type":"","background-media":"","overlay-type":"","overlay-color":"","overlay-opacity":"","overlay-gradient":""}},"ast-content-background-meta":{"desktop":{"background-color":"var(--ast-global-color-5)","background-image":"","background-repeat":"repeat","background-position":"center center","background-size":"auto","background-attachment":"scroll","background-type":"","background-media":"","overlay-type":"","overlay-color":"","overlay-opacity":"","overlay-gradient":""},"tablet":{"background-color":"var(--ast-global-color-5)","background-image":"","background-repeat":"repeat","background-position":"center center","background-size":"auto","background-attachment":"scroll","background-type":"","background-media":"","overlay-type":"","overlay-color":"","overlay-opacity":"","overlay-gradient":""},"mobile":{"background-color":"var(--ast-global-color-5)","background-image":"","background-repeat":"repeat","background-position":"center center","background-size":"auto","background-attachment":"scroll","background-type":"","background-media":"","overlay-type":"","overlay-color":"","overlay-opacity":"","overlay-gradient":""}},"footnotes":""},"categories":[12],"tags":[],"class_list":["post-625","post","type-post","status-publish","format-standard","has-post-thumbnail","hentry","category-pensamientos"],"yoast_head":"<!-- This site is optimized with the Yoast SEO plugin v27.5 - https:\/\/yoast.com\/product\/yoast-seo-wordpress\/ -->\n<title>Acompa\u00f1arnos en el miedo - Susana Bal\u00e1n<\/title>\n<meta name=\"description\" content=\"El ser humano tiene la tendencia a pensar y sentir en polarizaciones que llevan a grietas peligrosas y dolorosas que rompen cualquier posibilidad de di\u00e1logo\u201d.Este espacio intenta explorar las posibilidades que existen en el in between.\" \/>\n<meta name=\"robots\" content=\"index, follow, max-snippet:-1, max-image-preview:large, max-video-preview:-1\" \/>\n<link rel=\"canonical\" href=\"https:\/\/susanabalan.com\/pt\/las-emociones-estan-los-recursos-tambien\/\" \/>\n<meta property=\"og:locale\" content=\"pt_BR\" \/>\n<meta property=\"og:type\" content=\"article\" \/>\n<meta property=\"og:title\" content=\"Acompa\u00f1arnos en el miedo - Susana Bal\u00e1n\" \/>\n<meta property=\"og:description\" content=\"El ser humano tiene la tendencia a pensar y sentir en polarizaciones que llevan a grietas peligrosas y dolorosas que rompen cualquier posibilidad de di\u00e1logo\u201d.Este espacio intenta explorar las posibilidades que existen en el in between.\" \/>\n<meta property=\"og:url\" content=\"https:\/\/susanabalan.com\/pt\/las-emociones-estan-los-recursos-tambien\/\" \/>\n<meta property=\"og:site_name\" content=\"Susana Bal\u00e1n\" \/>\n<meta property=\"article:publisher\" content=\"https:\/\/www.facebook.com\/inbetweensb\/\" \/>\n<meta property=\"article:author\" content=\"https:\/\/www.facebook.com\/inbetweensb\/\" \/>\n<meta property=\"article:published_time\" content=\"2020-05-21T21:05:07+00:00\" \/>\n<meta property=\"article:modified_time\" content=\"2020-09-18T19:16:30+00:00\" \/>\n<meta property=\"og:image\" content=\"https:\/\/secureservercdn.net\/192.169.223.13\/bgc.62c.myftpupload.com\/wp-content\/uploads\/2020\/05\/Post-3-Acompa\u00f1arnos-en-el-miedo.jpg?time=1663289684\" \/>\n\t<meta property=\"og:image:width\" content=\"600\" \/>\n\t<meta property=\"og:image:height\" content=\"600\" \/>\n\t<meta property=\"og:image:type\" content=\"image\/jpeg\" \/>\n<meta name=\"author\" content=\"Susana Bal\u00e1n\" \/>\n<meta name=\"twitter:card\" content=\"summary_large_image\" \/>\n<meta name=\"twitter:label1\" content=\"Escrito por\" \/>\n\t<meta name=\"twitter:data1\" content=\"Susana Bal\u00e1n\" \/>\n\t<meta name=\"twitter:label2\" content=\"Est. tempo de leitura\" \/>\n\t<meta name=\"twitter:data2\" content=\"1 minuto\" \/>\n<script type=\"application\/ld+json\" class=\"yoast-schema-graph\">{\"@context\":\"https:\\\/\\\/schema.org\",\"@graph\":[{\"@type\":\"Article\",\"@id\":\"https:\\\/\\\/susanabalan.com\\\/pt\\\/las-emociones-estan-los-recursos-tambien\\\/#article\",\"isPartOf\":{\"@id\":\"https:\\\/\\\/susanabalan.com\\\/pt\\\/las-emociones-estan-los-recursos-tambien\\\/\"},\"author\":{\"name\":\"Susana Bal\u00e1n\",\"@id\":\"https:\\\/\\\/susanabalan.com\\\/#\\\/schema\\\/person\\\/e48e8cfefe0b8bdad9e4b76712f0d117\"},\"headline\":\"Acompa\u00f1arnos en el miedo\",\"datePublished\":\"2020-05-21T21:05:07+00:00\",\"dateModified\":\"2020-09-18T19:16:30+00:00\",\"mainEntityOfPage\":{\"@id\":\"https:\\\/\\\/susanabalan.com\\\/pt\\\/las-emociones-estan-los-recursos-tambien\\\/\"},\"wordCount\":205,\"commentCount\":0,\"publisher\":{\"@id\":\"https:\\\/\\\/susanabalan.com\\\/#\\\/schema\\\/person\\\/e48e8cfefe0b8bdad9e4b76712f0d117\"},\"image\":{\"@id\":\"https:\\\/\\\/susanabalan.com\\\/pt\\\/las-emociones-estan-los-recursos-tambien\\\/#primaryimage\"},\"thumbnailUrl\":\"https:\\\/\\\/susanabalan.com\\\/wp-content\\\/uploads\\\/2020\\\/05\\\/Post-3-Acompa\u00f1arnos-en-el-miedo.jpg\",\"articleSection\":[\"Pensamientos\"],\"inLanguage\":\"pt-BR\",\"potentialAction\":[{\"@type\":\"CommentAction\",\"name\":\"Comment\",\"target\":[\"https:\\\/\\\/susanabalan.com\\\/pt\\\/las-emociones-estan-los-recursos-tambien\\\/#respond\"]}]},{\"@type\":\"WebPage\",\"@id\":\"https:\\\/\\\/susanabalan.com\\\/pt\\\/las-emociones-estan-los-recursos-tambien\\\/\",\"url\":\"https:\\\/\\\/susanabalan.com\\\/pt\\\/las-emociones-estan-los-recursos-tambien\\\/\",\"name\":\"Acompa\u00f1arnos en el miedo - Susana Bal\u00e1n\",\"isPartOf\":{\"@id\":\"https:\\\/\\\/susanabalan.com\\\/#website\"},\"primaryImageOfPage\":{\"@id\":\"https:\\\/\\\/susanabalan.com\\\/pt\\\/las-emociones-estan-los-recursos-tambien\\\/#primaryimage\"},\"image\":{\"@id\":\"https:\\\/\\\/susanabalan.com\\\/pt\\\/las-emociones-estan-los-recursos-tambien\\\/#primaryimage\"},\"thumbnailUrl\":\"https:\\\/\\\/susanabalan.com\\\/wp-content\\\/uploads\\\/2020\\\/05\\\/Post-3-Acompa\u00f1arnos-en-el-miedo.jpg\",\"datePublished\":\"2020-05-21T21:05:07+00:00\",\"dateModified\":\"2020-09-18T19:16:30+00:00\",\"description\":\"El ser humano tiene la tendencia a pensar y sentir en polarizaciones que llevan a grietas peligrosas y dolorosas que rompen cualquier posibilidad de di\u00e1logo\u201d.Este espacio intenta explorar las posibilidades que existen en el in between.\",\"breadcrumb\":{\"@id\":\"https:\\\/\\\/susanabalan.com\\\/pt\\\/las-emociones-estan-los-recursos-tambien\\\/#breadcrumb\"},\"inLanguage\":\"pt-BR\",\"potentialAction\":[{\"@type\":\"ReadAction\",\"target\":[\"https:\\\/\\\/susanabalan.com\\\/pt\\\/las-emociones-estan-los-recursos-tambien\\\/\"]}]},{\"@type\":\"ImageObject\",\"inLanguage\":\"pt-BR\",\"@id\":\"https:\\\/\\\/susanabalan.com\\\/pt\\\/las-emociones-estan-los-recursos-tambien\\\/#primaryimage\",\"url\":\"https:\\\/\\\/susanabalan.com\\\/wp-content\\\/uploads\\\/2020\\\/05\\\/Post-3-Acompa\u00f1arnos-en-el-miedo.jpg\",\"contentUrl\":\"https:\\\/\\\/susanabalan.com\\\/wp-content\\\/uploads\\\/2020\\\/05\\\/Post-3-Acompa\u00f1arnos-en-el-miedo.jpg\",\"width\":600,\"height\":600},{\"@type\":\"BreadcrumbList\",\"@id\":\"https:\\\/\\\/susanabalan.com\\\/pt\\\/las-emociones-estan-los-recursos-tambien\\\/#breadcrumb\",\"itemListElement\":[{\"@type\":\"ListItem\",\"position\":1,\"name\":\"Portada\",\"item\":\"https:\\\/\\\/susanabalan.com\\\/\"},{\"@type\":\"ListItem\",\"position\":2,\"name\":\"Acompa\u00f1arnos en el miedo\"}]},{\"@type\":\"WebSite\",\"@id\":\"https:\\\/\\\/susanabalan.com\\\/#website\",\"url\":\"https:\\\/\\\/susanabalan.com\\\/\",\"name\":\"Susana Bal\u00e1n\",\"description\":\"In Between\",\"publisher\":{\"@id\":\"https:\\\/\\\/susanabalan.com\\\/#\\\/schema\\\/person\\\/e48e8cfefe0b8bdad9e4b76712f0d117\"},\"potentialAction\":[{\"@type\":\"SearchAction\",\"target\":{\"@type\":\"EntryPoint\",\"urlTemplate\":\"https:\\\/\\\/susanabalan.com\\\/?s={search_term_string}\"},\"query-input\":{\"@type\":\"PropertyValueSpecification\",\"valueRequired\":true,\"valueName\":\"search_term_string\"}}],\"inLanguage\":\"pt-BR\"},{\"@type\":[\"Person\",\"Organization\"],\"@id\":\"https:\\\/\\\/susanabalan.com\\\/#\\\/schema\\\/person\\\/e48e8cfefe0b8bdad9e4b76712f0d117\",\"name\":\"Susana Bal\u00e1n\",\"image\":{\"@type\":\"ImageObject\",\"inLanguage\":\"pt-BR\",\"@id\":\"https:\\\/\\\/secureservercdn.net\\\/192.169.223.13\\\/bgc.62c.myftpupload.com\\\/wp-content\\\/uploads\\\/2020\\\/06\\\/susanabalanperfil.png?time=1622107275\",\"url\":\"https:\\\/\\\/secureservercdn.net\\\/192.169.223.13\\\/bgc.62c.myftpupload.com\\\/wp-content\\\/uploads\\\/2020\\\/06\\\/susanabalanperfil.png?time=1622107275\",\"contentUrl\":\"https:\\\/\\\/secureservercdn.net\\\/192.169.223.13\\\/bgc.62c.myftpupload.com\\\/wp-content\\\/uploads\\\/2020\\\/06\\\/susanabalanperfil.png?time=1622107275\",\"width\":362,\"height\":362,\"caption\":\"Susana Bal\u00e1n\"},\"logo\":{\"@id\":\"https:\\\/\\\/secureservercdn.net\\\/192.169.223.13\\\/bgc.62c.myftpupload.com\\\/wp-content\\\/uploads\\\/2020\\\/06\\\/susanabalanperfil.png?time=1622107275\"},\"sameAs\":[\"https:\\\/\\\/susanabalan.com\",\"https:\\\/\\\/www.facebook.com\\\/inbetweensb\\\/\",\"https:\\\/\\\/www.instagram.com\\\/inbetweensb\\\/\"]}]}<\/script>\n<!-- \/ Yoast SEO plugin. -->","yoast_head_json":{"title":"Acompa\u00f1arnos en el miedo - Susana Bal\u00e1n","description":"El ser humano tiene la tendencia a pensar y sentir en polarizaciones que llevan a grietas peligrosas y dolorosas que rompen cualquier posibilidad de di\u00e1logo\u201d.Este espacio intenta explorar las posibilidades que existen en el in between.","robots":{"index":"index","follow":"follow","max-snippet":"max-snippet:-1","max-image-preview":"max-image-preview:large","max-video-preview":"max-video-preview:-1"},"canonical":"https:\/\/susanabalan.com\/pt\/las-emociones-estan-los-recursos-tambien\/","og_locale":"pt_BR","og_type":"article","og_title":"Acompa\u00f1arnos en el miedo - Susana Bal\u00e1n","og_description":"El ser humano tiene la tendencia a pensar y sentir en polarizaciones que llevan a grietas peligrosas y dolorosas que rompen cualquier posibilidad de di\u00e1logo\u201d.Este espacio intenta explorar las posibilidades que existen en el in between.","og_url":"https:\/\/susanabalan.com\/pt\/las-emociones-estan-los-recursos-tambien\/","og_site_name":"Susana Bal\u00e1n","article_publisher":"https:\/\/www.facebook.com\/inbetweensb\/","article_author":"https:\/\/www.facebook.com\/inbetweensb\/","article_published_time":"2020-05-21T21:05:07+00:00","article_modified_time":"2020-09-18T19:16:30+00:00","og_image":[{"width":600,"height":600,"url":"https:\/\/secureservercdn.net\/192.169.223.13\/bgc.62c.myftpupload.com\/wp-content\/uploads\/2020\/05\/Post-3-Acompa\u00f1arnos-en-el-miedo.jpg?time=1663289684","type":"image\/jpeg"}],"author":"Susana Bal\u00e1n","twitter_card":"summary_large_image","twitter_misc":{"Escrito por":"Susana Bal\u00e1n","Est. tempo de leitura":"1 minuto"},"schema":{"@context":"https:\/\/schema.org","@graph":[{"@type":"Article","@id":"https:\/\/susanabalan.com\/pt\/las-emociones-estan-los-recursos-tambien\/#article","isPartOf":{"@id":"https:\/\/susanabalan.com\/pt\/las-emociones-estan-los-recursos-tambien\/"},"author":{"name":"Susana Bal\u00e1n","@id":"https:\/\/susanabalan.com\/#\/schema\/person\/e48e8cfefe0b8bdad9e4b76712f0d117"},"headline":"Acompa\u00f1arnos en el miedo","datePublished":"2020-05-21T21:05:07+00:00","dateModified":"2020-09-18T19:16:30+00:00","mainEntityOfPage":{"@id":"https:\/\/susanabalan.com\/pt\/las-emociones-estan-los-recursos-tambien\/"},"wordCount":205,"commentCount":0,"publisher":{"@id":"https:\/\/susanabalan.com\/#\/schema\/person\/e48e8cfefe0b8bdad9e4b76712f0d117"},"image":{"@id":"https:\/\/susanabalan.com\/pt\/las-emociones-estan-los-recursos-tambien\/#primaryimage"},"thumbnailUrl":"https:\/\/susanabalan.com\/wp-content\/uploads\/2020\/05\/Post-3-Acompa\u00f1arnos-en-el-miedo.jpg","articleSection":["Pensamientos"],"inLanguage":"pt-BR","potentialAction":[{"@type":"CommentAction","name":"Comment","target":["https:\/\/susanabalan.com\/pt\/las-emociones-estan-los-recursos-tambien\/#respond"]}]},{"@type":"WebPage","@id":"https:\/\/susanabalan.com\/pt\/las-emociones-estan-los-recursos-tambien\/","url":"https:\/\/susanabalan.com\/pt\/las-emociones-estan-los-recursos-tambien\/","name":"Acompa\u00f1arnos en el miedo - Susana Bal\u00e1n","isPartOf":{"@id":"https:\/\/susanabalan.com\/#website"},"primaryImageOfPage":{"@id":"https:\/\/susanabalan.com\/pt\/las-emociones-estan-los-recursos-tambien\/#primaryimage"},"image":{"@id":"https:\/\/susanabalan.com\/pt\/las-emociones-estan-los-recursos-tambien\/#primaryimage"},"thumbnailUrl":"https:\/\/susanabalan.com\/wp-content\/uploads\/2020\/05\/Post-3-Acompa\u00f1arnos-en-el-miedo.jpg","datePublished":"2020-05-21T21:05:07+00:00","dateModified":"2020-09-18T19:16:30+00:00","description":"El ser humano tiene la tendencia a pensar y sentir en polarizaciones que llevan a grietas peligrosas y dolorosas que rompen cualquier posibilidad de di\u00e1logo\u201d.Este espacio intenta explorar las posibilidades que existen en el in between.","breadcrumb":{"@id":"https:\/\/susanabalan.com\/pt\/las-emociones-estan-los-recursos-tambien\/#breadcrumb"},"inLanguage":"pt-BR","potentialAction":[{"@type":"ReadAction","target":["https:\/\/susanabalan.com\/pt\/las-emociones-estan-los-recursos-tambien\/"]}]},{"@type":"ImageObject","inLanguage":"pt-BR","@id":"https:\/\/susanabalan.com\/pt\/las-emociones-estan-los-recursos-tambien\/#primaryimage","url":"https:\/\/susanabalan.com\/wp-content\/uploads\/2020\/05\/Post-3-Acompa\u00f1arnos-en-el-miedo.jpg","contentUrl":"https:\/\/susanabalan.com\/wp-content\/uploads\/2020\/05\/Post-3-Acompa\u00f1arnos-en-el-miedo.jpg","width":600,"height":600},{"@type":"BreadcrumbList","@id":"https:\/\/susanabalan.com\/pt\/las-emociones-estan-los-recursos-tambien\/#breadcrumb","itemListElement":[{"@type":"ListItem","position":1,"name":"Portada","item":"https:\/\/susanabalan.com\/"},{"@type":"ListItem","position":2,"name":"Acompa\u00f1arnos en el miedo"}]},{"@type":"WebSite","@id":"https:\/\/susanabalan.com\/#website","url":"https:\/\/susanabalan.com\/","name":"Susana Bal\u00e1n","description":"In Between","publisher":{"@id":"https:\/\/susanabalan.com\/#\/schema\/person\/e48e8cfefe0b8bdad9e4b76712f0d117"},"potentialAction":[{"@type":"SearchAction","target":{"@type":"EntryPoint","urlTemplate":"https:\/\/susanabalan.com\/?s={search_term_string}"},"query-input":{"@type":"PropertyValueSpecification","valueRequired":true,"valueName":"search_term_string"}}],"inLanguage":"pt-BR"},{"@type":["Person","Organization"],"@id":"https:\/\/susanabalan.com\/#\/schema\/person\/e48e8cfefe0b8bdad9e4b76712f0d117","name":"Susana Bal\u00e1n","image":{"@type":"ImageObject","inLanguage":"pt-BR","@id":"https:\/\/secureservercdn.net\/192.169.223.13\/bgc.62c.myftpupload.com\/wp-content\/uploads\/2020\/06\/susanabalanperfil.png?time=1622107275","url":"https:\/\/secureservercdn.net\/192.169.223.13\/bgc.62c.myftpupload.com\/wp-content\/uploads\/2020\/06\/susanabalanperfil.png?time=1622107275","contentUrl":"https:\/\/secureservercdn.net\/192.169.223.13\/bgc.62c.myftpupload.com\/wp-content\/uploads\/2020\/06\/susanabalanperfil.png?time=1622107275","width":362,"height":362,"caption":"Susana Bal\u00e1n"},"logo":{"@id":"https:\/\/secureservercdn.net\/192.169.223.13\/bgc.62c.myftpupload.com\/wp-content\/uploads\/2020\/06\/susanabalanperfil.png?time=1622107275"},"sameAs":["https:\/\/susanabalan.com","https:\/\/www.facebook.com\/inbetweensb\/","https:\/\/www.instagram.com\/inbetweensb\/"]}]}},"_links":{"self":[{"href":"https:\/\/susanabalan.com\/pt\/wp-json\/wp\/v2\/posts\/625","targetHints":{"allow":["GET"]}}],"collection":[{"href":"https:\/\/susanabalan.com\/pt\/wp-json\/wp\/v2\/posts"}],"about":[{"href":"https:\/\/susanabalan.com\/pt\/wp-json\/wp\/v2\/types\/post"}],"author":[{"embeddable":true,"href":"https:\/\/susanabalan.com\/pt\/wp-json\/wp\/v2\/users\/2"}],"replies":[{"embeddable":true,"href":"https:\/\/susanabalan.com\/pt\/wp-json\/wp\/v2\/comments?post=625"}],"version-history":[{"count":4,"href":"https:\/\/susanabalan.com\/pt\/wp-json\/wp\/v2\/posts\/625\/revisions"}],"predecessor-version":[{"id":776,"href":"https:\/\/susanabalan.com\/pt\/wp-json\/wp\/v2\/posts\/625\/revisions\/776"}],"wp:featuredmedia":[{"embeddable":true,"href":"https:\/\/susanabalan.com\/pt\/wp-json\/wp\/v2\/media\/660"}],"wp:attachment":[{"href":"https:\/\/susanabalan.com\/pt\/wp-json\/wp\/v2\/media?parent=625"}],"wp:term":[{"taxonomy":"category","embeddable":true,"href":"https:\/\/susanabalan.com\/pt\/wp-json\/wp\/v2\/categories?post=625"},{"taxonomy":"post_tag","embeddable":true,"href":"https:\/\/susanabalan.com\/pt\/wp-json\/wp\/v2\/tags?post=625"}],"curies":[{"name":"wp","href":"https:\/\/api.w.org\/{rel}","templated":true}]}}